{"id":2994,"date":"2018-08-20T23:04:55","date_gmt":"2018-08-20T21:04:55","guid":{"rendered":"https:\/\/roccadomenico.it\/wordpress\/2018\/08\/20\/davvero-credete-che-non-vi-siano-immagini-che-hanno-ripreso-la-caduta-del-ponte\/"},"modified":"2018-08-20T23:31:50","modified_gmt":"2018-08-20T21:31:50","slug":"davvero-credete-che-non-vi-siano-immagini-che-hanno-ripreso-la-caduta-del-ponte","status":"publish","type":"post","link":"https:\/\/roccadomenico.it\/wordpress\/davvero-credete-che-non-vi-siano-immagini-che-hanno-ripreso-la-caduta-del-ponte\/","title":{"rendered":"Davvero credete che non vi siano immagini che hanno ripreso la caduta del ponte?"},"content":{"rendered":"<p>Era ferragosto,sono passati cinque giorni,e pi\u00f9 il tempo passa, pi\u00f9 cercano di convincerci che non esistono immagini che abbiano ripreso cosa sia davvero avvenuto e cosa abbia scaturito l&#8217;evento iniziale del crollo.<\/p>\n<p>Abbiamo web cam in ogni dove, la stessa societ\u00e0 autostrade ne ha disseminate un&#8217;infinit\u00e0 su tutta la rete stradale,quasi tutte in HD. Queste sono quelle del nodo autostradale di Genova.Dove c&#8217;\u00e8 il &#8220;meno in rosso&#8221; \u00e8 il tratto del crollo oggi chiuso<\/p>\n\n\n<figure class=\"wp-block-image\"><img data-recalc-dims=\"1\" fetchpriority=\"high\" decoding=\"async\" width=\"540\" height=\"587\" data-attachment-id=\"2997\" data-permalink=\"https:\/\/roccadomenico.it\/wordpress\/wp-1534799768124-1592439289\/\" data-orig-file=\"https:\/\/i0.wp.com\/roccadomenico.it\/wordpress\/wp-content\/uploads\/2018\/08\/wp-1534799768124-1592439289.jpg?fit=540%2C587&amp;ssl=1\" data-orig-size=\"540,587\" data-comments-opened=\"1\" data-image-meta=\"{&quot;aperture&quot;:&quot;0&quot;,&quot;credit&quot;:&quot;&quot;,&quot;camera&quot;:&quot;&quot;,&quot;caption&quot;:&quot;&quot;,&quot;created_timestamp&quot;:&quot;0&quot;,&quot;copyright&quot;:&quot;&quot;,&quot;focal_length&quot;:&quot;0&quot;,&quot;iso&quot;:&quot;0&quot;,&quot;shutter_speed&quot;:&quot;0&quot;,&quot;title&quot;:&quot;&quot;,&quot;orientation&quot;:&quot;0&quot;}\" data-image-title=\"wp-1534799768124-1592439289.jpg\" data-image-description=\"\" data-image-caption=\"\" data-large-file=\"https:\/\/i0.wp.com\/roccadomenico.it\/wordpress\/wp-content\/uploads\/2018\/08\/wp-1534799768124-1592439289.jpg?fit=540%2C587&amp;ssl=1\" src=\"https:\/\/i0.wp.com\/roccadomenico.it\/wordpress\/wp-content\/uploads\/2018\/08\/wp-1534799768124-1592439289.jpg?resize=540%2C587&#038;ssl=1\" alt=\"Ponte\" class=\"wp-image-2997\" srcset=\"https:\/\/i0.wp.com\/roccadomenico.it\/wordpress\/wp-content\/uploads\/2018\/08\/wp-1534799768124-1592439289.jpg?w=540&amp;ssl=1 540w, https:\/\/i0.wp.com\/roccadomenico.it\/wordpress\/wp-content\/uploads\/2018\/08\/wp-1534799768124-1592439289.jpg?resize=276%2C300&amp;ssl=1 276w\" sizes=\"(max-width: 540px) 100vw, 540px\" \/><\/figure>\n\n\n\n<p>Se installate l&#8217;applicazione Myway potete vederle anche voi.Non riprendono in diretta,mandano uno streaming di circa 10 secondi registrato con lieve ritardo.Ce n&#8217;era anche una sul ponte, la seguivo spesso in quanto,sempre in giro per lavoro, ho necessit\u00e0 di consultare il traffico. Non era sulla parte crollata,era posizionata sul lato est.Pochi minuti dopo il crollo ho cercato di collegarla\u2026era gi\u00e0 stata disattivata!Questa invece \u00e8 nella parte Ovest&#8230;punta ancora il ponte ma \u00e8 ferma al \u00a0pomeriggio del 17\/8<\/p>\n\n\n\n<figure class=\"wp-block-image\"><img data-recalc-dims=\"1\" decoding=\"async\" width=\"540\" height=\"314\" data-attachment-id=\"2996\" data-permalink=\"https:\/\/roccadomenico.it\/wordpress\/wp-1534799717657-1315357854\/\" data-orig-file=\"https:\/\/i0.wp.com\/roccadomenico.it\/wordpress\/wp-content\/uploads\/2018\/08\/wp-1534799717657-1315357854.jpg?fit=540%2C314&amp;ssl=1\" data-orig-size=\"540,314\" data-comments-opened=\"1\" data-image-meta=\"{&quot;aperture&quot;:&quot;0&quot;,&quot;credit&quot;:&quot;&quot;,&quot;camera&quot;:&quot;&quot;,&quot;caption&quot;:&quot;&quot;,&quot;created_timestamp&quot;:&quot;0&quot;,&quot;copyright&quot;:&quot;&quot;,&quot;focal_length&quot;:&quot;0&quot;,&quot;iso&quot;:&quot;0&quot;,&quot;shutter_speed&quot;:&quot;0&quot;,&quot;title&quot;:&quot;&quot;,&quot;orientation&quot;:&quot;0&quot;}\" data-image-title=\"wp-1534799717657-1315357854.jpg\" data-image-description=\"\" data-image-caption=\"\" data-large-file=\"https:\/\/i0.wp.com\/roccadomenico.it\/wordpress\/wp-content\/uploads\/2018\/08\/wp-1534799717657-1315357854.jpg?fit=540%2C314&amp;ssl=1\" src=\"https:\/\/i0.wp.com\/roccadomenico.it\/wordpress\/wp-content\/uploads\/2018\/08\/wp-1534799717657-1315357854.jpg?resize=540%2C314&#038;ssl=1\" alt=\"Ponte\" class=\"wp-image-2996\" srcset=\"https:\/\/i0.wp.com\/roccadomenico.it\/wordpress\/wp-content\/uploads\/2018\/08\/wp-1534799717657-1315357854.jpg?w=540&amp;ssl=1 540w, https:\/\/i0.wp.com\/roccadomenico.it\/wordpress\/wp-content\/uploads\/2018\/08\/wp-1534799717657-1315357854.jpg?resize=300%2C174&amp;ssl=1 300w\" sizes=\"(max-width: 540px) 100vw, 540px\" \/><\/figure>\n\n\n\n<p>Oltre a quella vi \u00e8 un&#8217;infinit\u00e0 di telecamere di sorveglianza..Vi ricordate il disastro alla torre piloti nel porto di Genova? Fu proprio una di quelle,posizionata molto in lontananza,che forn\u00ec le immagini del crollo..possibile che nessuna telecamera puntasse sul nostro Ponte di Brooklyn?<\/p>\n\n\n\n<p>Eppure riusciranno a farci credere che non vi sono immagini\u2026e,probabilmente,anche chi per caso ha ripreso con il suo smartphone qualcosa, si sar\u00e0 convinto di non aver ripreso nulla\u2026<\/p>\n","protected":false},"excerpt":{"rendered":"<p>Era ferragosto,sono passati cinque giorni,e pi\u00f9 il tempo passa, pi\u00f9 cercano di convincerci che non esistono immagini che abbiano ripreso cosa sia davvero avvenuto e cosa abbia scaturito l&#8217;evento iniziale del crollo. Abbiamo web cam in ogni dove, la stessa societ\u00e0 autostrade ne ha disseminate un&#8217;infinit\u00e0 su tutta la rete stradale,quasi tutte in HD. Queste [&hellip;]<\/p>\n","protected":false},"author":1,"featured_media":2995,"comment_status":"open","ping_status":"open","sticky":false,"template":"","format":"standard","meta":{"jetpack_post_was_ever_published":false,"_jetpack_newsletter_access":"","_jetpack_dont_email_post_to_subs":false,"_jetpack_newsletter_tier_id":0,"_jetpack_memberships_contains_paywalled_content":false,"_jetpack_memberships_contains_paid_content":false,"footnotes":""},"categories":[36],"tags":[],"class_list":["post-2994","post","type-post","status-publish","format-standard","has-post-thumbnail","hentry","category-notizie"],"jetpack_featured_media_url":"https:\/\/i0.wp.com\/roccadomenico.it\/wordpress\/wp-content\/uploads\/2018\/08\/wp-1534799231711-951370233.jpg?fit=432%2C310&ssl=1","jetpack_sharing_enabled":true,"_links":{"self":[{"href":"https:\/\/roccadomenico.it\/wordpress\/wp-json\/wp\/v2\/posts\/2994","targetHints":{"allow":["GET"]}}],"collection":[{"href":"https:\/\/roccadomenico.it\/wordpress\/wp-json\/wp\/v2\/posts"}],"about":[{"href":"https:\/\/roccadomenico.it\/wordpress\/wp-json\/wp\/v2\/types\/post"}],"author":[{"embeddable":true,"href":"https:\/\/roccadomenico.it\/wordpress\/wp-json\/wp\/v2\/users\/1"}],"replies":[{"embeddable":true,"href":"https:\/\/roccadomenico.it\/wordpress\/wp-json\/wp\/v2\/comments?post=2994"}],"version-history":[{"count":2,"href":"https:\/\/roccadomenico.it\/wordpress\/wp-json\/wp\/v2\/posts\/2994\/revisions"}],"predecessor-version":[{"id":2999,"href":"https:\/\/roccadomenico.it\/wordpress\/wp-json\/wp\/v2\/posts\/2994\/revisions\/2999"}],"wp:featuredmedia":[{"embeddable":true,"href":"https:\/\/roccadomenico.it\/wordpress\/wp-json\/wp\/v2\/media\/2995"}],"wp:attachment":[{"href":"https:\/\/roccadomenico.it\/wordpress\/wp-json\/wp\/v2\/media?parent=2994"}],"wp:term":[{"taxonomy":"category","embeddable":true,"href":"https:\/\/roccadomenico.it\/wordpress\/wp-json\/wp\/v2\/categories?post=2994"},{"taxonomy":"post_tag","embeddable":true,"href":"https:\/\/roccadomenico.it\/wordpress\/wp-json\/wp\/v2\/tags?post=2994"}],"curies":[{"name":"wp","href":"https:\/\/api.w.org\/{rel}","templated":true}]}}